{"id":1295,"date":"2023-05-03T18:17:15","date_gmt":"2023-05-03T15:17:15","guid":{"rendered":"https:\/\/edubusiness.uav.ro\/?p=1295"},"modified":"2023-05-08T18:44:18","modified_gmt":"2023-05-08T15:44:18","slug":"anunt-finalizare-program-perfectionare-cadre-didactice","status":"publish","type":"post","link":"https:\/\/edubusiness.uav.ro\/?p=1295","title":{"rendered":"<strong>Anunt finalizare program perfectionare cadre didactice<\/strong>"},"content":{"rendered":"\n<p align=\"justify\">In data de 05 mai 2023 va avea loc evaluarea final\u0103 pentru 30 de cadre didactice ale Universit\u0103\u021bii \u201dAurel Vlaicu\u201d din Arad &nbsp;la absolvirea programului postuniversitar de perfec\u021bionare, <strong>ORGANIZAREA \u0218I PROIECTAREA UNUI CURS ON-LINE.<\/strong><strong><\/strong><\/p>\n\n\n\n<p align=\"justify\">Acest curs s-a derulat \u00een perioada 06 -27 aprilie 2023, \u00een cadrul Proiectului\u201e\u00cenva\u0163\u0103 s\u0103 fii Antreprenor pentru Viitor! \u00cembun\u0103t\u0103\u0163irea calit\u0103\u0163ii ofertelor educative \u015fi a competentelor cadrelor didactice \u00een domeniul antreprenoriatului \u00een vederea cre\u015fterii accesului participan\u0163ilor la \u00eenv\u0103\u0163\u0103m\u00e2nt ter\u0163iar \u00een condi\u0163ii de echitate \u015fi eficien\u0163\u0103 social\u0103 \u015fi promovarea unei culturi educa\u0163ionale antreprenoriale \u00een domeniile competitive de interes regional, POCU\/379\/6\/21\/ OS. 6.7, 6.9, 6.10, Cod SMIS 125150, Beneficiar: Universitatea \u201eAurel Vlaicu\u201d din Arad<\/p>\n\n\n\n<p align=\"justify\">Grup tinta al acestui program postuniversitar a fost format din 30 de cadre didactice din cadrul Universitatii \u201eAurel Vlaicu\u201d din Arad<\/p>\n\n\n\n<p align=\"justify\">Subactivitatea A1.3 Participarea personalului didactic din \u00eenv\u0103\u021b\u0103m\u00e2ntul superior la programul postuniversitar de perfec\u021bionare profesional\u0103<\/p>\n\n\n\n<p align=\"justify\">Obiectivul general al proiectului const\u0103 \u00een cre\u015fterea accesului \u015fi echit\u0103\u0163ii \u00een \u00eenv\u0103\u0163\u0103m\u00e2ntul superior din Universitatea \u201eAurel Vlaicu\u201d din Arad adres\u00e2ndu-se \u00een acest sens unui Grup \u0163int\u0103 de 50 elevi \u015fi 450 studen\u0163i, \u00een vederea diminu\u0103rii ratei de abandon a studiilor, prin asigurarea de sprijin financiar unui num\u0103r de 350 studen\u0163i din categorii vulnerabile \u015fi prin cre\u015fterea atractivit\u0103\u0163ii ofertelor educa\u0163ionale prin dezvoltarea a 5 noi programe antreprenoriale, corelat cu \u00eembun\u0103t\u0103\u0163irea competen\u0163elor a unui num\u0103r de 90 de cadre didactice universitare.<\/p>\n\n\n\n<p align=\"justify\">Obiectivul specific nr.4 \u2013 \u00cembun\u0103t\u0103\u0163irea nivelului de competen\u0163e pedagogice pentru 90 de cadre didactice din \u00eenv\u0103\u0163\u0103m\u00e2ntul superior, organizat \u00een cadrul institu\u0163iilor de \u00eenv\u0103\u0163\u0103m\u00e2nt superior ca urmare a particip\u0103rii la programe de formare, schimb de experien\u0163\u0103 \u015fi bune practici privind aplicarea de tehnici educa\u0163ionale noi \u015fi moderne pentru cadrele didactice din institu\u0163iile de \u00eenv\u0103\u0163\u0103m\u00e2nt partenere derulat al\u0103turi de partenerii sociali atra\u015fi \u00een proiect.<\/p>\n\n\n\n<p align=\"justify\">Modulele parcurse au fost:<\/p>\n\n\n\n<p align=\"justify\">1. \u00cenv\u0103\u021barea on-line \u2013 defini\u021bii, caracteristici, tipuri (20 ore cursuri, seminarii \u0219i aplica\u021bii).<\/p>\n\n\n\n<p align=\"justify\">2. Proiectarea activit\u0103\u021bilor de \u00eenv\u0103\u021bare on-line \u00een mediul universitar (20 ore cursuri, seminarii \u0219i aplica\u021bii).<\/p>\n\n\n\n<p align=\"justify\">3. Organizarea \u00eenv\u0103\u021b\u0103rii \u0219i evaluarea on-line (20 ore cursuri, seminarii \u0219i aplica\u021bii).<\/p>\n\n\n\n<p align=\"justify\">Formator: &nbsp;&nbsp;&nbsp;&nbsp;&nbsp;&nbsp;&nbsp;&nbsp;&nbsp;&nbsp;&nbsp;&nbsp;&nbsp;&nbsp;&nbsp; Conf. univ. dr. Dana-Veronica Rad<\/p>\n\n\n\n<p align=\"justify\">Manager proiect: &nbsp;&nbsp;&nbsp; Nicoleta Dumitra\u0219cu<\/p>\n","protected":false},"excerpt":{"rendered":"<p>In data de 05 mai 2023 va avea loc evaluarea final\u0103 pentru 30 de cadre didactice ale Universit\u0103\u021bii \u201dAurel Vlaicu\u201d din Arad &nbsp;la absolvirea programului postuniversitar de perfec\u021bionare, ORGANIZAREA \u0218I PROIECTAREA UNUI CURS ON-LINE. Acest curs s-a derulat \u00een perioada<\/p>\n","protected":false},"author":1,"featured_media":0,"comment_status":"open","ping_status":"open","sticky":false,"template":"","format":"standard","meta":{"footnotes":""},"categories":[1],"tags":[],"class_list":["post-1295","post","type-post","status-publish","format-standard","hentry","category-uncategorized"],"_links":{"self":[{"href":"https:\/\/edubusiness.uav.ro\/index.php?rest_route=\/wp\/v2\/posts\/1295","targetHints":{"allow":["GET"]}}],"collection":[{"href":"https:\/\/edubusiness.uav.ro\/index.php?rest_route=\/wp\/v2\/posts"}],"about":[{"href":"https:\/\/edubusiness.uav.ro\/index.php?rest_route=\/wp\/v2\/types\/post"}],"author":[{"embeddable":true,"href":"https:\/\/edubusiness.uav.ro\/index.php?rest_route=\/wp\/v2\/users\/1"}],"replies":[{"embeddable":true,"href":"https:\/\/edubusiness.uav.ro\/index.php?rest_route=%2Fwp%2Fv2%2Fcomments&post=1295"}],"version-history":[{"count":2,"href":"https:\/\/edubusiness.uav.ro\/index.php?rest_route=\/wp\/v2\/posts\/1295\/revisions"}],"predecessor-version":[{"id":1298,"href":"https:\/\/edubusiness.uav.ro\/index.php?rest_route=\/wp\/v2\/posts\/1295\/revisions\/1298"}],"wp:attachment":[{"href":"https:\/\/edubusiness.uav.ro\/index.php?rest_route=%2Fwp%2Fv2%2Fmedia&parent=1295"}],"wp:term":[{"taxonomy":"category","embeddable":true,"href":"https:\/\/edubusiness.uav.ro\/index.php?rest_route=%2Fwp%2Fv2%2Fcategories&post=1295"},{"taxonomy":"post_tag","embeddable":true,"href":"https:\/\/edubusiness.uav.ro\/index.php?rest_route=%2Fwp%2Fv2%2Ftags&post=1295"}],"curies":[{"name":"wp","href":"https:\/\/api.w.org\/{rel}","templated":true}]}}