{"id":1299,"date":"2023-05-08T18:41:40","date_gmt":"2023-05-08T15:41:40","guid":{"rendered":"https:\/\/edubusiness.uav.ro\/?p=1299"},"modified":"2023-05-08T18:46:46","modified_gmt":"2023-05-08T15:46:46","slug":"1299","status":"publish","type":"post","link":"https:\/\/edubusiness.uav.ro\/?p=1299","title":{"rendered":"<strong>Incheiere cursuri cadre didactice <\/strong>"},"content":{"rendered":"\n<p align=\"justify\"><strong>\u00cen cadrul Proiectului co-finan\u021bat din Programul Opera\u021bional Capital Uman 2014-2020<\/strong><\/p>\n\n\n\n<p align=\"justify\">Titlul proiectului \u201e\u00cenva\u0163\u0103 s\u0103 fii Antreprenor pentru Viitor! \u00cembun\u0103t\u0103\u0163irea calit\u0103\u0163ii ofertelor educative \u015fi a competentelor cadrelor didactice \u00een domeniul antreprenoriatului \u00een vederea cre\u015fterii accesului participan\u0163ilor la \u00eenv\u0103\u0163\u0103m\u00e2nt ter\u0163iar \u00een condi\u0163ii de echitate \u015fi eficien\u0163\u0103 social\u0103 \u015fi promovarea unei culturi educa\u0163ionale antreprenoriale \u00een domeniile competitive de interes regional \u2013 EDUBUSINESS,<\/p>\n\n\n\n<p align=\"justify\"><strong>POCU\/379\/6\/21\/ OS. 6.7, 6.9, 6.10, Cod mysmis 125150\u201d,<\/strong><\/p>\n\n\n\n<p align=\"justify\">Beneficiar: Universitatea \u201eAurel Vlaicu\u201d din Arad<\/p>\n\n\n\n<p align=\"justify\">Obiectivul general al proiectului const\u0103 \u00een cre\u015fterea accesului \u015fi echit\u0103\u0163ii \u00een \u00eenv\u0103\u0163\u0103m\u00e2ntul superior din Universitatea \u201eAurel Vlaicu\u201d din Arad, adres\u00e2ndu-se unui grup \u0163int\u0103 de 50 de elevi \u015fi 450 de studen\u0163i, \u00een vederea diminu\u0103rii ratei de abandon a studiilor, prin asigurarea de sprijin financiar unui num\u0103r de 350 de studen\u0163i din categorii vulnerabile \u015fi prin cre\u015fterea atractivit\u0103\u0163ii ofertelor educa\u0163ionale prin dezvoltarea a 5 noi programe antreprenoriale, corelat cu \u00eembun\u0103t\u0103\u0163irea competen\u0163elor a 90 de cadre didactice universitare. De asemenea, va avea loc astfel \u00eembun\u0103t\u0103\u0163irea calit\u0103\u0163ii \u015fi eficien\u0163ei actului didactic precum \u015fi accesul la \u00eenv\u0103\u0163\u0103m\u00e2ntul ter\u0163iar \u015fi a celui echivalent \u00een vederea adapt\u0103rii viitorilor absolven\u0163i la nevoile actuale ale pie\u0163ei muncii.<\/p>\n\n\n\n<figure class=\"wp-block-image size-large\"><img loading=\"lazy\" decoding=\"async\" width=\"1024\" height=\"768\" src=\"https:\/\/edubusiness.uav.ro\/wp-content\/uploads\/2023\/05\/121-1024x768.jpg\" alt=\"\" class=\"wp-image-1300\" srcset=\"https:\/\/edubusiness.uav.ro\/wp-content\/uploads\/2023\/05\/121-1024x768.jpg 1024w, https:\/\/edubusiness.uav.ro\/wp-content\/uploads\/2023\/05\/121-300x225.jpg 300w, https:\/\/edubusiness.uav.ro\/wp-content\/uploads\/2023\/05\/121-768x576.jpg 768w, https:\/\/edubusiness.uav.ro\/wp-content\/uploads\/2023\/05\/121-1536x1152.jpg 1536w, https:\/\/edubusiness.uav.ro\/wp-content\/uploads\/2023\/05\/121.jpg 1600w\" sizes=\"auto, (max-width: 1024px) 100vw, 1024px\" \/><\/figure>\n\n\n\n<p align=\"justify\">\u00cen ceea ce prive\u0219te \u00eembun\u0103t\u0103\u0163irea competen\u0163elor a 90 de cadre didactice universitare, \u00een perioada 27 iunie 2022 \u2013 05 mai 2023, s-au desf\u0103\u0219urat fizic la sediul Universit\u0103\u021bii Aurel Vlaicu din Arad, Complex M, o serie de trei programe postuniversitar de perfec\u0163ionare, dup\u0103 cum urmeaz\u0103:&nbsp;<\/p>\n\n\n\n<ol class=\"wp-block-list\" type=\"I\">\n<li>27 iunie &#8211; 25 iulie 2023, <strong>STRATEGII INOVATIVE DE \u00ceNV\u0102\u021aARE \u00ceN DEZVOLTAREA COMPETEN\u021aELOR ANTREPRENORIALE&nbsp;<\/strong>cu o durat\u0103 de 60 de ore \u0219i cumul\u00e2nd 6 credite profesionale transferabile.<\/li>\n<\/ol>\n\n\n\n<p align=\"justify\">Modulele propuse au fost:<\/p>\n\n\n\n<p>1. Strategii inovative de \u00eenv\u0103\u021bare \u00een antreprenoriat (20 ore cursuri, seminarii \u0219i aplica\u021bii),<\/p>\n\n\n\n<p>2. Principii de adaptare curricular\u0103 \u00een educa\u0163ia antreprenorial\u0103 (20 ore cursuri, seminarii \u0219i aplica\u021bii)<\/p>\n\n\n\n<p>3. Utilizarea TIC \u00een aplicarea strategiilor inovative (20 ore cursuri, seminarii \u0219i aplica\u021bii).<\/p>\n\n\n\n<ol class=\"wp-block-list\" type=\"I\">\n<li>26 septembrie 2022 \u2013 27 februarie 2023, <strong>PROIECTARE MODULAR\u0102 DE CURSURI ANTREPRENORIALE<\/strong>&nbsp;cu o durat\u0103 de 60 de ore \u0219i cumul\u00e2nd 6 credite profesionale transferabile.<\/li>\n<\/ol>\n\n\n\n<p>Modulele propuse au fost:<\/p>\n\n\n\n<p>1. Proiectare modular\u0103 \u0219i antreprenoriat\u2013 principii \u0219i finalit\u0103\u021bi (20 ore cursuri, seminarii \u0219i aplica\u021bii),<\/p>\n\n\n\n<p>2. Educa\u021bie antreprenorial\u0103 \u00een sistem modular \u2013 strategii didactice \u0219i de evaluare (20 ore cursuri, seminarii \u0219i aplica\u021bii)<\/p>\n\n\n\n<p>3. Utilizarea TIC \u00een proiectarea modular\u0103 (20 ore cursuri, seminarii \u0219i aplica\u021bii).<\/p>\n\n\n\n<ol class=\"wp-block-list\" type=\"I\">\n<li>06-27 aprilie 2023, <strong>ORGANIZAREA \u0218I PROIECTAREA UNUI CURS ON-<\/strong>LINE, cu o durat\u0103 de 60 de ore \u0219i cumul\u00e2nd 6 credite profesionale transferabile.<\/li>\n<\/ol>\n\n\n\n<p>Modulele parcurse au fost:<\/p>\n\n\n\n<p>1. \u00cenv\u0103\u021barea on-line \u2013 defini\u021bii, caracteristici, tipuri (20 ore cursuri, seminarii \u0219i aplica\u021bii).<\/p>\n\n\n\n<p>2. Proiectarea activit\u0103\u021bilor de \u00eenv\u0103\u021bare on-line \u00een mediul universitar (20 ore cursuri, seminarii \u0219i aplica\u021bii).<\/p>\n\n\n\n<p>3. Organizarea \u00eenv\u0103\u021b\u0103rii \u0219i evaluarea on-line (20 ore cursuri, seminarii \u0219i aplica\u021bii).<\/p>\n\n\n\n<p>Formator: Conf.univ.dr. Dana-Veronica RAD<\/p>\n\n\n\n<p>Manager proiect: Nicoleta DUMITRA\u0218CU<\/p>\n","protected":false},"excerpt":{"rendered":"<p>\u00cen cadrul Proiectului co-finan\u021bat din Programul Opera\u021bional Capital Uman 2014-2020 Titlul proiectului \u201e\u00cenva\u0163\u0103 s\u0103 fii Antreprenor pentru Viitor! \u00cembun\u0103t\u0103\u0163irea calit\u0103\u0163ii ofertelor educative \u015fi a competentelor cadrelor didactice \u00een domeniul antreprenoriatului \u00een vederea cre\u015fterii accesului participan\u0163ilor la \u00eenv\u0103\u0163\u0103m\u00e2nt ter\u0163iar \u00een condi\u0163ii<\/p>\n","protected":false},"author":1,"featured_media":1300,"comment_status":"open","ping_status":"open","sticky":false,"template":"","format":"standard","meta":{"footnotes":""},"categories":[1],"tags":[],"class_list":["post-1299","post","type-post","status-publish","format-standard","has-post-thumbnail","hentry","category-uncategorized"],"_links":{"self":[{"href":"https:\/\/edubusiness.uav.ro\/index.php?rest_route=\/wp\/v2\/posts\/1299","targetHints":{"allow":["GET"]}}],"collection":[{"href":"https:\/\/edubusiness.uav.ro\/index.php?rest_route=\/wp\/v2\/posts"}],"about":[{"href":"https:\/\/edubusiness.uav.ro\/index.php?rest_route=\/wp\/v2\/types\/post"}],"author":[{"embeddable":true,"href":"https:\/\/edubusiness.uav.ro\/index.php?rest_route=\/wp\/v2\/users\/1"}],"replies":[{"embeddable":true,"href":"https:\/\/edubusiness.uav.ro\/index.php?rest_route=%2Fwp%2Fv2%2Fcomments&post=1299"}],"version-history":[{"count":2,"href":"https:\/\/edubusiness.uav.ro\/index.php?rest_route=\/wp\/v2\/posts\/1299\/revisions"}],"predecessor-version":[{"id":1303,"href":"https:\/\/edubusiness.uav.ro\/index.php?rest_route=\/wp\/v2\/posts\/1299\/revisions\/1303"}],"wp:featuredmedia":[{"embeddable":true,"href":"https:\/\/edubusiness.uav.ro\/index.php?rest_route=\/wp\/v2\/media\/1300"}],"wp:attachment":[{"href":"https:\/\/edubusiness.uav.ro\/index.php?rest_route=%2Fwp%2Fv2%2Fmedia&parent=1299"}],"wp:term":[{"taxonomy":"category","embeddable":true,"href":"https:\/\/edubusiness.uav.ro\/index.php?rest_route=%2Fwp%2Fv2%2Fcategories&post=1299"},{"taxonomy":"post_tag","embeddable":true,"href":"https:\/\/edubusiness.uav.ro\/index.php?rest_route=%2Fwp%2Fv2%2Ftags&post=1299"}],"curies":[{"name":"wp","href":"https:\/\/api.w.org\/{rel}","templated":true}]}}