{"id":1307,"date":"2023-05-25T09:29:23","date_gmt":"2023-05-25T06:29:23","guid":{"rendered":"https:\/\/edubusiness.uav.ro\/?p=1307"},"modified":"2024-03-12T09:48:00","modified_gmt":"2024-03-12T07:48:00","slug":"inscrieri-pentru-un-nou-curs-pentru-dezvoltarea-competentelor-antreprenoriale-financiare-si-juridice","status":"publish","type":"post","link":"https:\/\/edubusiness.uav.ro\/?p=1307","title":{"rendered":"<strong>\u00censcrieri pentru un nou curs pentru dezvoltarea competen\u021belor antreprenoriale, financiare \u0219i juridice<\/strong>"},"content":{"rendered":"\n<p align=\"justify\">O nou\u0103 serie de cursuri destinate studen\u021bilor UAV care sunt \u00een ultimul an de studiu la licen\u021b\u0103, \u00een cadrul proiectului \u201e\u00cenva\u0163\u0103 s\u0103 fii Antreprenor pentru Viitor! \u00cembun\u0103t\u0103\u0163irea calit\u0103\u0163ii ofertelor educative \u015fi a competentelor cadrelor didactice \u00een domeniul antreprenoriatului \u00een vederea cre\u015fterii accesului participan\u0163ilor la \u00eenv\u0103\u0163\u0103m\u00e2nt ter\u0163iar \u00een condi\u0163ii de echitate \u015fi eficien\u0163\u0103 social\u0103 \u015fi promovarea unei culturi educa\u0163ionale antreprenoriale \u00een domeniile competitive de interes regional \u2013EDUBUSINESS\u201d, cod MySMIS 125150\u201d va avea loc \u00een perioada 6-21 iunie la Universitatea \u201eAurel Vlaicu\u201d din Arad.<\/p>\n\n\n\n<p align=\"justify\">Cursul se va derula \u00een colaborare cu Agen\u021bia Jude\u021bean\u0103 de Pl\u0103\u021bi \u0219i Inspec\u021bie Social\u0103 \u0219i este autorizat de Ministerului Muncii \u0219i Securit\u0103\u021bii Sociale \u0219i Ministerului Educa\u021biei \u0219i urm\u0103re\u0219te dezvoltarea Competen\u021belor antreprenoriale, financiare \u0219i juridice.<\/p>\n\n\n\n<p align=\"justify\">Cursul se va desf\u0103\u0219ura la Universitatea \u201eAurel Vlaicu\u201d din Arad \u0219i cei interesa\u021bi se pot adresa responsabililor de grup \u021bint\u0103 (conf.univ. Alma\u0219i Robert, conf.univ.dr. Cuc Lavinia, conf.univ.dr Tomescu Marius, prof.univ.dr. Roman Alina, conf.univ.dr. Bucevschi Adina) care vor face selec\u021bia participan\u021bilor.<\/p>\n","protected":false},"excerpt":{"rendered":"<p>O nou\u0103 serie de cursuri destinate studen\u021bilor UAV care sunt \u00een ultimul an de studiu la licen\u021b\u0103, \u00een cadrul proiectului \u201e\u00cenva\u0163\u0103 s\u0103 fii Antreprenor pentru Viitor! \u00cembun\u0103t\u0103\u0163irea calit\u0103\u0163ii ofertelor educative \u015fi a competentelor cadrelor didactice \u00een domeniul antreprenoriatului \u00een vederea<\/p>\n","protected":false},"author":1,"featured_media":0,"comment_status":"open","ping_status":"open","sticky":false,"template":"","format":"standard","meta":{"footnotes":""},"categories":[1],"tags":[],"class_list":["post-1307","post","type-post","status-publish","format-standard","hentry","category-uncategorized"],"_links":{"self":[{"href":"https:\/\/edubusiness.uav.ro\/index.php?rest_route=\/wp\/v2\/posts\/1307","targetHints":{"allow":["GET"]}}],"collection":[{"href":"https:\/\/edubusiness.uav.ro\/index.php?rest_route=\/wp\/v2\/posts"}],"about":[{"href":"https:\/\/edubusiness.uav.ro\/index.php?rest_route=\/wp\/v2\/types\/post"}],"author":[{"embeddable":true,"href":"https:\/\/edubusiness.uav.ro\/index.php?rest_route=\/wp\/v2\/users\/1"}],"replies":[{"embeddable":true,"href":"https:\/\/edubusiness.uav.ro\/index.php?rest_route=%2Fwp%2Fv2%2Fcomments&post=1307"}],"version-history":[{"count":5,"href":"https:\/\/edubusiness.uav.ro\/index.php?rest_route=\/wp\/v2\/posts\/1307\/revisions"}],"predecessor-version":[{"id":1318,"href":"https:\/\/edubusiness.uav.ro\/index.php?rest_route=\/wp\/v2\/posts\/1307\/revisions\/1318"}],"wp:attachment":[{"href":"https:\/\/edubusiness.uav.ro\/index.php?rest_route=%2Fwp%2Fv2%2Fmedia&parent=1307"}],"wp:term":[{"taxonomy":"category","embeddable":true,"href":"https:\/\/edubusiness.uav.ro\/index.php?rest_route=%2Fwp%2Fv2%2Fcategories&post=1307"},{"taxonomy":"post_tag","embeddable":true,"href":"https:\/\/edubusiness.uav.ro\/index.php?rest_route=%2Fwp%2Fv2%2Ftags&post=1307"}],"curies":[{"name":"wp","href":"https:\/\/api.w.org\/{rel}","templated":true}]}}